{"id":17588,"date":"2026-09-05T13:43:10","date_gmt":"2026-09-05T11:43:10","guid":{"rendered":"https:\/\/360scooters.com\/es\/?p=17588"},"modified":"2026-09-05T13:43:13","modified_gmt":"2026-09-05T11:43:13","slug":"patinetes-electricos-en-renfe-vuelven-a-estar-permitidos-desde-el-7-de-septiembre-de-2026","status":"publish","type":"post","link":"https:\/\/360scooters.com\/es\/2026\/09\/05\/patinetes-electricos-en-renfe-vuelven-a-estar-permitidos-desde-el-7-de-septiembre-de-2026\/","title":{"rendered":"Patinetes el\u00e9ctricos en Renfe: vuelven a estar permitidos desde el 7 de septiembre de 2026"},"content":{"rendered":"\n<p class=\"wp-block-paragraph\"><strong>Renfe vuelve a permitir viajar con patinetes el\u00e9ctricos en sus trenes a partir del 7 de septiembre de 2026.<\/strong> Despu\u00e9s de casi tres a\u00f1os de prohibici\u00f3n, los usuarios podr\u00e1n volver a combinar el tren y el patinete el\u00e9ctrico para sus desplazamientos, aunque deber\u00e1n cumplir una serie de requisitos.<\/p>\n\n\n\n<p class=\"wp-block-paragraph\">La medida afecta a los servicios de <strong>Cercan\u00edas, Media Distancia y Larga Distancia de Renfe<\/strong>, con dos excepciones importantes: <strong>Rodalies de Catalunya y Cercan\u00edas Euskadi<\/strong>, donde la nueva autorizaci\u00f3n no se aplicar\u00e1 por el momento.<\/p>\n\n\n\n<h2 class=\"wp-block-heading\">\u00bfDesde cu\u00e1ndo se puede subir un patinete el\u00e9ctrico a los trenes de Renfe?<\/h2>\n\n\n\n<p class=\"wp-block-paragraph\">La nueva normativa de Renfe entra en vigor el <strong>lunes 7 de septiembre de 2026<\/strong>.<\/p>\n\n\n\n<p class=\"wp-block-paragraph\">Hasta esa fecha contin\u00faa vigente la prohibici\u00f3n que Renfe implant\u00f3 el 12 de diciembre de 2023 debido a los riesgos relacionados con incendios de bater\u00edas y con veh\u00edculos modificados, da\u00f1ados o mantenidos de forma incorrecta.<\/p>\n\n\n\n<p class=\"wp-block-paragraph\">La situaci\u00f3n cambia ahora gracias, entre otras cosas, al nuevo marco legal de los Veh\u00edculos de Movilidad Personal (VMP), que permite identificar los patinetes, registrarlos y vincularlos a un seguro obligatorio.<\/p>\n\n\n\n<h2 class=\"wp-block-heading\">\u00bfEn qu\u00e9 trenes de Renfe se puede llevar un patinete el\u00e9ctrico?<\/h2>\n\n\n\n<p class=\"wp-block-paragraph\">A partir del 7 de septiembre, Renfe permitir\u00e1 transportar patinetes el\u00e9ctricos en sus servicios de:<\/p>\n\n\n\n<ul class=\"wp-block-list\">\n<li><strong>Cercan\u00edas<\/strong><\/li>\n\n\n\n<li><strong>Media Distancia<\/strong><\/li>\n\n\n\n<li><strong>Larga Distancia<\/strong><\/li>\n<\/ul>\n\n\n\n<p class=\"wp-block-paragraph\">Por tanto, el cambio supone la vuelta del patinete el\u00e9ctrico a una parte muy importante de la red ferroviaria operada por Renfe.<\/p>\n\n\n\n<p class=\"wp-block-paragraph\">Sin embargo, hay que tener en cuenta que <strong>Rodalies de Catalunya y Cercan\u00edas Euskadi quedan excluidos por el momento<\/strong> de esta medida.<\/p>\n\n\n\n<h2 class=\"wp-block-heading\">No vale cualquier patinete: estos son los requisitos<\/h2>\n\n\n\n<p class=\"wp-block-paragraph\">Que Renfe vuelva a admitir patinetes el\u00e9ctricos no significa que podamos subir al tren con cualquier veh\u00edculo.<\/p>\n\n\n\n<p class=\"wp-block-paragraph\">Renfe establece que el patinete deber\u00e1 cumplir la normativa vigente y estar correctamente <strong>certificado, registrado, identificado y asegurado<\/strong>.<\/p>\n\n\n\n<p class=\"wp-block-paragraph\">En concreto, el VMP deber\u00e1 estar inscrito en el <strong>Registro de Veh\u00edculos de la DGT<\/strong>, disponer de su identificaci\u00f3n correspondiente y contar con el <strong>seguro obligatorio de responsabilidad civil en vigor<\/strong>. La DGT establece actualmente que los VMP deben inscribirse en el registro y portar su etiqueta identificativa para poder circular legalmente.<\/p>\n\n\n\n<p class=\"wp-block-paragraph\">Adem\u00e1s, Renfe ha establecido un criterio especialmente importante: <strong>los patinetes antiguos no certificados no podr\u00e1n acceder a los trenes<\/strong>, aunque todav\u00eda puedan encontrarse dentro del periodo transitorio de circulaci\u00f3n establecido por la normativa general.<\/p>\n\n\n\n<p class=\"wp-block-paragraph\">Esto convierte la certificaci\u00f3n del patinete en un aspecto fundamental si queremos utilizarlo conjuntamente con el tren.<\/p>\n\n\n\n<h2 class=\"wp-block-heading\">\u00bfC\u00f3mo hay que llevar el patinete dentro del tren?<\/h2>\n\n\n\n<p class=\"wp-block-paragraph\">Tambi\u00e9n cambian las condiciones una vez estamos a bordo.<\/p>\n\n\n\n<p class=\"wp-block-paragraph\">El patinete el\u00e9ctrico deber\u00e1 permanecer <strong>apagado y plegado durante todo el viaje<\/strong>. Adem\u00e1s, Renfe proh\u00edbe expresamente <strong>cargar la bater\u00eda utilizando los enchufes del tren<\/strong>.<\/p>\n\n\n\n<p class=\"wp-block-paragraph\">El veh\u00edculo deber\u00e1 colocarse en los compartimentos destinados al equipaje o en aquellas zonas autorizadas donde interfiera lo m\u00ednimo posible con el resto de viajeros.<\/p>\n\n\n\n<p class=\"wp-block-paragraph\">Nunca podr\u00e1 bloquear <strong>pasillos, puertas, salidas de emergencia, zonas de evacuaci\u00f3n, plazas reservadas para personas con movilidad reducida ni otros espacios prioritarios<\/strong>.<\/p>\n\n\n\n<p class=\"wp-block-paragraph\">El personal de Renfe podr\u00e1 impedir el acceso cuando el patinete no cumpla las condiciones establecidas, presente da\u00f1os o anomal\u00edas, o cuando las circunstancias de ocupaci\u00f3n y seguridad del tren as\u00ed lo aconsejen.<\/p>\n\n\n\n<h2 class=\"wp-block-heading\">\u00bfSe puede circular en patinete por la estaci\u00f3n o el and\u00e9n?<\/h2>\n\n\n\n<p class=\"wp-block-paragraph\">No.<\/p>\n\n\n\n<p class=\"wp-block-paragraph\">Que el patinete pueda transportarse en el tren <strong>no significa que pueda utilizarse dentro de las estaciones o en los andenes<\/strong>.<\/p>\n\n\n\n<p class=\"wp-block-paragraph\">Renfe considera el VMP como equipaje durante el transporte y establece que deber\u00e1 permanecer apagado en aquellas zonas ferroviarias en las que su circulaci\u00f3n no est\u00e9 autorizada.<\/p>\n\n\n\n<h2 class=\"wp-block-heading\">\u00bfPor qu\u00e9 Renfe vuelve a permitir los patinetes el\u00e9ctricos?<\/h2>\n\n\n\n<p class=\"wp-block-paragraph\">Renfe prohibi\u00f3 el acceso de patinetes el\u00e9ctricos a sus trenes en diciembre de 2023 como medida de seguridad despu\u00e9s de varios incidentes relacionados con bater\u00edas de veh\u00edculos de movilidad personal en sistemas de transporte p\u00fablico.<\/p>\n\n\n\n<p class=\"wp-block-paragraph\">Seg\u00fan la compa\u00f1\u00eda, muchos de estos problemas estaban relacionados con <strong>bater\u00edas manipuladas, veh\u00edculos no certificados, golpes, deterioro o un mantenimiento inadecuado<\/strong>.<\/p>\n\n\n\n<p class=\"wp-block-paragraph\">La situaci\u00f3n regulatoria en 2026 es muy diferente.<\/p>\n\n\n\n<p class=\"wp-block-paragraph\">Espa\u00f1a dispone ahora de un <strong>Registro de Veh\u00edculos Personales Ligeros de la DGT<\/strong>, identificaci\u00f3n individual de los veh\u00edculos y seguro obligatorio. Este nuevo sistema permite conocer e identificar mejor los VMP que circulan legalmente.<\/p>\n\n\n\n<p class=\"wp-block-paragraph\">Renfe considera que estas nuevas garant\u00edas permiten recuperar el transporte de patinetes el\u00e9ctricos manteniendo unas condiciones espec\u00edficas de seguridad a bordo.<\/p>\n\n\n\n<h2 class=\"wp-block-heading\">Tren + patinete el\u00e9ctrico: una gran noticia para la movilidad urbana<\/h2>\n\n\n\n<p class=\"wp-block-paragraph\">El regreso de los patinetes el\u00e9ctricos a los trenes de Renfe facilita especialmente los desplazamientos de <strong>primera y \u00faltima milla<\/strong>.<\/p>\n\n\n\n<p class=\"wp-block-paragraph\">Es decir, poder utilizar el patinete para llegar desde casa hasta la estaci\u00f3n, viajar en tren y completar posteriormente el \u00faltimo tramo hasta el trabajo, la universidad o cualquier otro destino.<\/p>\n\n\n\n<p class=\"wp-block-paragraph\">Para muchos usuarios, esta combinaci\u00f3n permite realizar trayectos m\u00e1s largos sin depender completamente del coche y ampl\u00eda considerablemente las posibilidades del patinete el\u00e9ctrico como medio de transporte diario.<\/p>\n\n\n\n<h2 class=\"wp-block-heading\">Preguntas frecuentes sobre patinetes el\u00e9ctricos y Renfe<\/h2>\n\n\n\n<h3 class=\"wp-block-heading\">\u00bfPuedo subir mi patinete el\u00e9ctrico a Renfe?<\/h3>\n\n\n\n<p class=\"wp-block-paragraph\"><strong>A partir del 7 de septiembre de 2026, s\u00ed<\/strong>, siempre que el patinete cumpla los requisitos establecidos por Renfe y la normativa vigente.<\/p>\n\n\n\n<h3 class=\"wp-block-heading\">\u00bfPuedo llevar un patinete antiguo?<\/h3>\n\n\n\n<p class=\"wp-block-paragraph\">Renfe establece que solo admitir\u00e1 <strong>modelos certificados e identificados<\/strong>, por lo que los VMP antiguos que no dispongan de la certificaci\u00f3n correspondiente no podr\u00e1n acceder al tren.<\/p>\n\n\n\n<h3 class=\"wp-block-heading\">\u00bfTengo que registrar el patinete en la DGT?<\/h3>\n\n\n\n<p class=\"wp-block-paragraph\">S\u00ed. Los VMP deben estar inscritos en el Registro de Veh\u00edculos Personales Ligeros de la DGT y disponer de su identificaci\u00f3n correspondiente.<\/p>\n\n\n\n<h3 class=\"wp-block-heading\">\u00bfNecesito seguro para subir el patinete a Renfe?<\/h3>\n\n\n\n<p class=\"wp-block-paragraph\">S\u00ed. Renfe exige que el VMP disponga del <strong>seguro obligatorio de responsabilidad civil en vigor<\/strong>.<\/p>\n\n\n\n<h3 class=\"wp-block-heading\">\u00bfPuedo cargar mi patinete dentro del tren?<\/h3>\n\n\n\n<p class=\"wp-block-paragraph\">No. <strong>Est\u00e1 expresamente prohibido cargar la bater\u00eda del patinete en el tren.<\/strong><\/p>\n\n\n\n<h3 class=\"wp-block-heading\">\u00bfTengo que plegar el patinete?<\/h3>\n\n\n\n<p class=\"wp-block-paragraph\">S\u00ed. Durante el viaje deber\u00e1 permanecer <strong>plegado y apagado<\/strong>.<\/p>\n\n\n\n<h3 class=\"wp-block-heading\">\u00bfPuedo llevar el patinete en Rodalies?<\/h3>\n\n\n\n<p class=\"wp-block-paragraph\">De momento, la medida anunciada por Renfe <strong>no se aplica a Rodalies de Catalunya ni a Cercan\u00edas Euskadi<\/strong>.<\/p>\n\n\n\n<h2 class=\"wp-block-heading\">Un paso importante para los usuarios de patinetes el\u00e9ctricos<\/h2>\n\n\n\n<p class=\"wp-block-paragraph\">La decisi\u00f3n de Renfe supone un cambio importante para quienes utilizan el patinete el\u00e9ctrico como medio de transporte habitual.<\/p>\n\n\n\n<p class=\"wp-block-paragraph\">Desde el <strong>7 de septiembre de 2026<\/strong>, el tren y el patinete vuelven a poder formar parte de un mismo desplazamiento, pero ahora con unas reglas mucho m\u00e1s claras: <strong>patinete certificado, registrado, identificado, asegurado, plegado y apagado durante el trayecto<\/strong>.<\/p>\n\n\n\n<p class=\"wp-block-paragraph\">Antes de viajar, es recomendable comprobar que el modelo cumple todos los requisitos exigidos y consultar las condiciones espec\u00edficas del servicio de Renfe que se vaya a utilizar.<\/p>\n\n\n\n<p class=\"wp-block-paragraph\"><strong>En 360Scooters seguiremos inform\u00e1ndote de todas las novedades que afecten al uso, normativa y movilidad con patinetes el\u00e9ctricos.<\/strong><\/p>\n\n\n\n<hr class=\"wp-block-separator has-alpha-channel-opacity\"\/>\n","protected":false},"excerpt":{"rendered":"<p>Renfe vuelve a permitir viajar con patinetes el\u00e9ctricos en sus trenes a partir del 7 de septiembre de 2026. Despu\u00e9s de casi tres a\u00f1os de prohibici\u00f3n, los usuarios podr\u00e1n volver<\/p>\n","protected":false},"author":1,"featured_media":17589,"comment_status":"open","ping_status":"open","sticky":false,"template":"","format":"standard","meta":{"footnotes":""},"categories":[310],"tags":[],"class_list":["post-17588","post","type-post","status-publish","format-standard","has-post-thumbnail","hentry","category-normativa"],"yoast_head":"<!-- This site is optimized with the Yoast SEO plugin v28.2 - https:\/\/yoast.com\/product\/yoast-seo-wordpress\/ -->\n<title>Patinetes el\u00e9ctricos en Renfe: nueva normativa desde septiembre de 2026<\/title>\n<meta name=\"description\" content=\"Renfe vuelve a permitir patinetes el\u00e9ctricos en sus trenes desde el 7 de septiembre de 2026. Te contamos d\u00f3nde se pueden llevar y qu\u00e9 requisitos debes cumplir.\" \/>\n<meta name=\"robots\" content=\"index, follow, max-snippet:-1, max-image-preview:large, max-video-preview:-1\" \/>\n<link rel=\"canonical\" href=\"https:\/\/360scooters.com\/es\/2026\/09\/05\/patinetes-electricos-en-renfe-vuelven-a-estar-permitidos-desde-el-7-de-septiembre-de-2026\/\" \/>\n<meta property=\"og:locale\" content=\"es_ES\" \/>\n<meta property=\"og:type\" content=\"article\" \/>\n<meta property=\"og:title\" content=\"Patinetes el\u00e9ctricos en Renfe: nueva normativa desde septiembre de 2026\" \/>\n<meta property=\"og:description\" content=\"Renfe vuelve a permitir patinetes el\u00e9ctricos en sus trenes desde el 7 de septiembre de 2026. Te contamos d\u00f3nde se pueden llevar y qu\u00e9 requisitos debes cumplir.\" \/>\n<meta property=\"og:url\" content=\"https:\/\/360scooters.com\/es\/2026\/09\/05\/patinetes-electricos-en-renfe-vuelven-a-estar-permitidos-desde-el-7-de-septiembre-de-2026\/\" \/>\n<meta property=\"og:site_name\" content=\"360Scooters | Tienda-taller de patinetes el\u00e9ctricos\" \/>\n<meta property=\"article:published_time\" content=\"2026-09-05T11:43:10+00:00\" \/>\n<meta property=\"article:modified_time\" content=\"2026-09-05T11:43:13+00:00\" \/>\n<meta property=\"og:image\" content=\"https:\/\/360scooters.com\/es\/wp-content\/uploads\/sites\/2\/2026\/09\/patinete_electrico_card.jpg\" \/>\n\t<meta property=\"og:image:width\" content=\"703\" \/>\n\t<meta property=\"og:image:height\" content=\"400\" \/>\n\t<meta property=\"og:image:type\" content=\"image\/jpeg\" \/>\n<meta name=\"author\" content=\"admin\" \/>\n<meta name=\"twitter:card\" content=\"summary_large_image\" \/>\n<meta name=\"twitter:label1\" content=\"Escrito por\" \/>\n\t<meta name=\"twitter:data1\" content=\"admin\" \/>\n\t<meta name=\"twitter:label2\" content=\"Tiempo de lectura\" \/>\n\t<meta name=\"twitter:data2\" content=\"6 minutos\" \/>\n<script type=\"application\/ld+json\" class=\"yoast-schema-graph\">{\"@context\":\"https:\\\/\\\/schema.org\",\"@graph\":[{\"@type\":\"Article\",\"@id\":\"https:\\\/\\\/360scooters.com\\\/es\\\/2026\\\/09\\\/05\\\/patinetes-electricos-en-renfe-vuelven-a-estar-permitidos-desde-el-7-de-septiembre-de-2026\\\/#article\",\"isPartOf\":{\"@id\":\"https:\\\/\\\/360scooters.com\\\/es\\\/2026\\\/09\\\/05\\\/patinetes-electricos-en-renfe-vuelven-a-estar-permitidos-desde-el-7-de-septiembre-de-2026\\\/\"},\"author\":{\"name\":\"admin\",\"@id\":\"https:\\\/\\\/360scooters.com\\\/es\\\/#\\\/schema\\\/person\\\/b44a5846a87f4ea566daad7244fdc1c9\"},\"headline\":\"Patinetes el\u00e9ctricos en Renfe: vuelven a estar permitidos desde el 7 de septiembre de 2026\",\"datePublished\":\"2026-09-05T11:43:10+00:00\",\"dateModified\":\"2026-09-05T11:43:13+00:00\",\"mainEntityOfPage\":{\"@id\":\"https:\\\/\\\/360scooters.com\\\/es\\\/2026\\\/09\\\/05\\\/patinetes-electricos-en-renfe-vuelven-a-estar-permitidos-desde-el-7-de-septiembre-de-2026\\\/\"},\"wordCount\":1179,\"commentCount\":0,\"publisher\":{\"@id\":\"https:\\\/\\\/360scooters.com\\\/es\\\/#organization\"},\"image\":{\"@id\":\"https:\\\/\\\/360scooters.com\\\/es\\\/2026\\\/09\\\/05\\\/patinetes-electricos-en-renfe-vuelven-a-estar-permitidos-desde-el-7-de-septiembre-de-2026\\\/#primaryimage\"},\"thumbnailUrl\":\"https:\\\/\\\/360scooters.com\\\/es\\\/wp-content\\\/uploads\\\/sites\\\/2\\\/2026\\\/09\\\/patinete_electrico_card.jpg\",\"articleSection\":[\"Normativa\"],\"inLanguage\":\"es\",\"potentialAction\":[{\"@type\":\"CommentAction\",\"name\":\"Comment\",\"target\":[\"https:\\\/\\\/360scooters.com\\\/es\\\/2026\\\/09\\\/05\\\/patinetes-electricos-en-renfe-vuelven-a-estar-permitidos-desde-el-7-de-septiembre-de-2026\\\/#respond\"]}]},{\"@type\":\"WebPage\",\"@id\":\"https:\\\/\\\/360scooters.com\\\/es\\\/2026\\\/09\\\/05\\\/patinetes-electricos-en-renfe-vuelven-a-estar-permitidos-desde-el-7-de-septiembre-de-2026\\\/\",\"url\":\"https:\\\/\\\/360scooters.com\\\/es\\\/2026\\\/09\\\/05\\\/patinetes-electricos-en-renfe-vuelven-a-estar-permitidos-desde-el-7-de-septiembre-de-2026\\\/\",\"name\":\"Patinetes el\u00e9ctricos en Renfe: nueva normativa desde septiembre de 2026\",\"isPartOf\":{\"@id\":\"https:\\\/\\\/360scooters.com\\\/es\\\/#website\"},\"primaryImageOfPage\":{\"@id\":\"https:\\\/\\\/360scooters.com\\\/es\\\/2026\\\/09\\\/05\\\/patinetes-electricos-en-renfe-vuelven-a-estar-permitidos-desde-el-7-de-septiembre-de-2026\\\/#primaryimage\"},\"image\":{\"@id\":\"https:\\\/\\\/360scooters.com\\\/es\\\/2026\\\/09\\\/05\\\/patinetes-electricos-en-renfe-vuelven-a-estar-permitidos-desde-el-7-de-septiembre-de-2026\\\/#primaryimage\"},\"thumbnailUrl\":\"https:\\\/\\\/360scooters.com\\\/es\\\/wp-content\\\/uploads\\\/sites\\\/2\\\/2026\\\/09\\\/patinete_electrico_card.jpg\",\"datePublished\":\"2026-09-05T11:43:10+00:00\",\"dateModified\":\"2026-09-05T11:43:13+00:00\",\"description\":\"Renfe vuelve a permitir patinetes el\u00e9ctricos en sus trenes desde el 7 de septiembre de 2026. Te contamos d\u00f3nde se pueden llevar y qu\u00e9 requisitos debes cumplir.\",\"breadcrumb\":{\"@id\":\"https:\\\/\\\/360scooters.com\\\/es\\\/2026\\\/09\\\/05\\\/patinetes-electricos-en-renfe-vuelven-a-estar-permitidos-desde-el-7-de-septiembre-de-2026\\\/#breadcrumb\"},\"inLanguage\":\"es\",\"potentialAction\":[{\"@type\":\"ReadAction\",\"target\":[\"https:\\\/\\\/360scooters.com\\\/es\\\/2026\\\/09\\\/05\\\/patinetes-electricos-en-renfe-vuelven-a-estar-permitidos-desde-el-7-de-septiembre-de-2026\\\/\"]}]},{\"@type\":\"ImageObject\",\"inLanguage\":\"es\",\"@id\":\"https:\\\/\\\/360scooters.com\\\/es\\\/2026\\\/09\\\/05\\\/patinetes-electricos-en-renfe-vuelven-a-estar-permitidos-desde-el-7-de-septiembre-de-2026\\\/#primaryimage\",\"url\":\"https:\\\/\\\/360scooters.com\\\/es\\\/wp-content\\\/uploads\\\/sites\\\/2\\\/2026\\\/09\\\/patinete_electrico_card.jpg\",\"contentUrl\":\"https:\\\/\\\/360scooters.com\\\/es\\\/wp-content\\\/uploads\\\/sites\\\/2\\\/2026\\\/09\\\/patinete_electrico_card.jpg\",\"width\":703,\"height\":400,\"caption\":\"Patinetes el\u00e9ctricos en Renfe: nueva normativa desde septiembre de 2026\"},{\"@type\":\"BreadcrumbList\",\"@id\":\"https:\\\/\\\/360scooters.com\\\/es\\\/2026\\\/09\\\/05\\\/patinetes-electricos-en-renfe-vuelven-a-estar-permitidos-desde-el-7-de-septiembre-de-2026\\\/#breadcrumb\",\"itemListElement\":[{\"@type\":\"ListItem\",\"position\":1,\"name\":\"Portada\",\"item\":\"https:\\\/\\\/360scooters.com\\\/es\\\/\"},{\"@type\":\"ListItem\",\"position\":2,\"name\":\"Patinetes el\u00e9ctricos en Renfe: vuelven a estar permitidos desde el 7 de septiembre de 2026\"}]},{\"@type\":\"WebSite\",\"@id\":\"https:\\\/\\\/360scooters.com\\\/es\\\/#website\",\"url\":\"https:\\\/\\\/360scooters.com\\\/es\\\/\",\"name\":\"360Scooters - Patinetes el\u00e9ctricos en Pen\u00ednsula y Baleares - Patinetes Madrid - Patinetes Alicante - Patinetes Barcelona\",\"description\":\"\",\"publisher\":{\"@id\":\"https:\\\/\\\/360scooters.com\\\/es\\\/#organization\"},\"potentialAction\":[{\"@type\":\"SearchAction\",\"target\":{\"@type\":\"EntryPoint\",\"urlTemplate\":\"https:\\\/\\\/360scooters.com\\\/es\\\/?s={search_term_string}\"},\"query-input\":{\"@type\":\"PropertyValueSpecification\",\"valueRequired\":true,\"valueName\":\"search_term_string\"}}],\"inLanguage\":\"es\"},{\"@type\":\"Organization\",\"@id\":\"https:\\\/\\\/360scooters.com\\\/es\\\/#organization\",\"name\":\"360Scooters - Patinetes el\u00e9ctricos en Pen\u00ednsula y Baleares - Patinetes Madrid - Patinetes Alicante - Patinetes Barcelona\",\"url\":\"https:\\\/\\\/360scooters.com\\\/es\\\/\",\"logo\":{\"@type\":\"ImageObject\",\"inLanguage\":\"es\",\"@id\":\"https:\\\/\\\/360scooters.com\\\/es\\\/#\\\/schema\\\/logo\\\/image\\\/\",\"url\":\"https:\\\/\\\/360scooters.com\\\/es\\\/wp-content\\\/uploads\\\/sites\\\/2\\\/2024\\\/02\\\/logo-claimweb-e1727166047230.png\",\"contentUrl\":\"https:\\\/\\\/360scooters.com\\\/es\\\/wp-content\\\/uploads\\\/sites\\\/2\\\/2024\\\/02\\\/logo-claimweb-e1727166047230.png\",\"width\":214,\"height\":54,\"caption\":\"360Scooters - Patinetes el\u00e9ctricos en Pen\u00ednsula y Baleares - Patinetes Madrid - Patinetes Alicante - Patinetes Barcelona\"},\"image\":{\"@id\":\"https:\\\/\\\/360scooters.com\\\/es\\\/#\\\/schema\\\/logo\\\/image\\\/\"}},{\"@type\":\"Person\",\"@id\":\"https:\\\/\\\/360scooters.com\\\/es\\\/#\\\/schema\\\/person\\\/b44a5846a87f4ea566daad7244fdc1c9\",\"name\":\"admin\",\"image\":{\"@type\":\"ImageObject\",\"inLanguage\":\"es\",\"@id\":\"https:\\\/\\\/secure.gravatar.com\\\/avatar\\\/e4ebe6447f306c7f3fc4441b89e970e1a471d58574d124d24bd770221095f68b?s=96&d=mm&r=g\",\"url\":\"https:\\\/\\\/secure.gravatar.com\\\/avatar\\\/e4ebe6447f306c7f3fc4441b89e970e1a471d58574d124d24bd770221095f68b?s=96&d=mm&r=g\",\"contentUrl\":\"https:\\\/\\\/secure.gravatar.com\\\/avatar\\\/e4ebe6447f306c7f3fc4441b89e970e1a471d58574d124d24bd770221095f68b?s=96&d=mm&r=g\",\"caption\":\"admin\"},\"sameAs\":[\"https:\\\/\\\/360scooters.com\"],\"url\":\"https:\\\/\\\/360scooters.com\\\/es\\\/author\\\/360scooters\\\/\"}]}<\/script>\n<!-- \/ Yoast SEO plugin. -->","yoast_head_json":{"title":"Patinetes el\u00e9ctricos en Renfe: nueva normativa desde septiembre de 2026","description":"Renfe vuelve a permitir patinetes el\u00e9ctricos en sus trenes desde el 7 de septiembre de 2026. Te contamos d\u00f3nde se pueden llevar y qu\u00e9 requisitos debes cumplir.","robots":{"index":"index","follow":"follow","max-snippet":"max-snippet:-1","max-image-preview":"max-image-preview:large","max-video-preview":"max-video-preview:-1"},"canonical":"https:\/\/360scooters.com\/es\/2026\/09\/05\/patinetes-electricos-en-renfe-vuelven-a-estar-permitidos-desde-el-7-de-septiembre-de-2026\/","og_locale":"es_ES","og_type":"article","og_title":"Patinetes el\u00e9ctricos en Renfe: nueva normativa desde septiembre de 2026","og_description":"Renfe vuelve a permitir patinetes el\u00e9ctricos en sus trenes desde el 7 de septiembre de 2026. Te contamos d\u00f3nde se pueden llevar y qu\u00e9 requisitos debes cumplir.","og_url":"https:\/\/360scooters.com\/es\/2026\/09\/05\/patinetes-electricos-en-renfe-vuelven-a-estar-permitidos-desde-el-7-de-septiembre-de-2026\/","og_site_name":"360Scooters | Tienda-taller de patinetes el\u00e9ctricos","article_published_time":"2026-09-05T11:43:10+00:00","article_modified_time":"2026-09-05T11:43:13+00:00","og_image":[{"width":703,"height":400,"url":"https:\/\/360scooters.com\/es\/wp-content\/uploads\/sites\/2\/2026\/09\/patinete_electrico_card.jpg","type":"image\/jpeg"}],"author":"admin","twitter_card":"summary_large_image","twitter_misc":{"Escrito por":"admin","Tiempo de lectura":"6 minutos"},"schema":{"@context":"https:\/\/schema.org","@graph":[{"@type":"Article","@id":"https:\/\/360scooters.com\/es\/2026\/09\/05\/patinetes-electricos-en-renfe-vuelven-a-estar-permitidos-desde-el-7-de-septiembre-de-2026\/#article","isPartOf":{"@id":"https:\/\/360scooters.com\/es\/2026\/09\/05\/patinetes-electricos-en-renfe-vuelven-a-estar-permitidos-desde-el-7-de-septiembre-de-2026\/"},"author":{"name":"admin","@id":"https:\/\/360scooters.com\/es\/#\/schema\/person\/b44a5846a87f4ea566daad7244fdc1c9"},"headline":"Patinetes el\u00e9ctricos en Renfe: vuelven a estar permitidos desde el 7 de septiembre de 2026","datePublished":"2026-09-05T11:43:10+00:00","dateModified":"2026-09-05T11:43:13+00:00","mainEntityOfPage":{"@id":"https:\/\/360scooters.com\/es\/2026\/09\/05\/patinetes-electricos-en-renfe-vuelven-a-estar-permitidos-desde-el-7-de-septiembre-de-2026\/"},"wordCount":1179,"commentCount":0,"publisher":{"@id":"https:\/\/360scooters.com\/es\/#organization"},"image":{"@id":"https:\/\/360scooters.com\/es\/2026\/09\/05\/patinetes-electricos-en-renfe-vuelven-a-estar-permitidos-desde-el-7-de-septiembre-de-2026\/#primaryimage"},"thumbnailUrl":"https:\/\/360scooters.com\/es\/wp-content\/uploads\/sites\/2\/2026\/09\/patinete_electrico_card.jpg","articleSection":["Normativa"],"inLanguage":"es","potentialAction":[{"@type":"CommentAction","name":"Comment","target":["https:\/\/360scooters.com\/es\/2026\/09\/05\/patinetes-electricos-en-renfe-vuelven-a-estar-permitidos-desde-el-7-de-septiembre-de-2026\/#respond"]}]},{"@type":"WebPage","@id":"https:\/\/360scooters.com\/es\/2026\/09\/05\/patinetes-electricos-en-renfe-vuelven-a-estar-permitidos-desde-el-7-de-septiembre-de-2026\/","url":"https:\/\/360scooters.com\/es\/2026\/09\/05\/patinetes-electricos-en-renfe-vuelven-a-estar-permitidos-desde-el-7-de-septiembre-de-2026\/","name":"Patinetes el\u00e9ctricos en Renfe: nueva normativa desde septiembre de 2026","isPartOf":{"@id":"https:\/\/360scooters.com\/es\/#website"},"primaryImageOfPage":{"@id":"https:\/\/360scooters.com\/es\/2026\/09\/05\/patinetes-electricos-en-renfe-vuelven-a-estar-permitidos-desde-el-7-de-septiembre-de-2026\/#primaryimage"},"image":{"@id":"https:\/\/360scooters.com\/es\/2026\/09\/05\/patinetes-electricos-en-renfe-vuelven-a-estar-permitidos-desde-el-7-de-septiembre-de-2026\/#primaryimage"},"thumbnailUrl":"https:\/\/360scooters.com\/es\/wp-content\/uploads\/sites\/2\/2026\/09\/patinete_electrico_card.jpg","datePublished":"2026-09-05T11:43:10+00:00","dateModified":"2026-09-05T11:43:13+00:00","description":"Renfe vuelve a permitir patinetes el\u00e9ctricos en sus trenes desde el 7 de septiembre de 2026. Te contamos d\u00f3nde se pueden llevar y qu\u00e9 requisitos debes cumplir.","breadcrumb":{"@id":"https:\/\/360scooters.com\/es\/2026\/09\/05\/patinetes-electricos-en-renfe-vuelven-a-estar-permitidos-desde-el-7-de-septiembre-de-2026\/#breadcrumb"},"inLanguage":"es","potentialAction":[{"@type":"ReadAction","target":["https:\/\/360scooters.com\/es\/2026\/09\/05\/patinetes-electricos-en-renfe-vuelven-a-estar-permitidos-desde-el-7-de-septiembre-de-2026\/"]}]},{"@type":"ImageObject","inLanguage":"es","@id":"https:\/\/360scooters.com\/es\/2026\/09\/05\/patinetes-electricos-en-renfe-vuelven-a-estar-permitidos-desde-el-7-de-septiembre-de-2026\/#primaryimage","url":"https:\/\/360scooters.com\/es\/wp-content\/uploads\/sites\/2\/2026\/09\/patinete_electrico_card.jpg","contentUrl":"https:\/\/360scooters.com\/es\/wp-content\/uploads\/sites\/2\/2026\/09\/patinete_electrico_card.jpg","width":703,"height":400,"caption":"Patinetes el\u00e9ctricos en Renfe: nueva normativa desde septiembre de 2026"},{"@type":"BreadcrumbList","@id":"https:\/\/360scooters.com\/es\/2026\/09\/05\/patinetes-electricos-en-renfe-vuelven-a-estar-permitidos-desde-el-7-de-septiembre-de-2026\/#breadcrumb","itemListElement":[{"@type":"ListItem","position":1,"name":"Portada","item":"https:\/\/360scooters.com\/es\/"},{"@type":"ListItem","position":2,"name":"Patinetes el\u00e9ctricos en Renfe: vuelven a estar permitidos desde el 7 de septiembre de 2026"}]},{"@type":"WebSite","@id":"https:\/\/360scooters.com\/es\/#website","url":"https:\/\/360scooters.com\/es\/","name":"360Scooters - Patinetes el\u00e9ctricos en Pen\u00ednsula y Baleares - Patinetes Madrid - Patinetes Alicante - Patinetes Barcelona","description":"","publisher":{"@id":"https:\/\/360scooters.com\/es\/#organization"},"potentialAction":[{"@type":"SearchAction","target":{"@type":"EntryPoint","urlTemplate":"https:\/\/360scooters.com\/es\/?s={search_term_string}"},"query-input":{"@type":"PropertyValueSpecification","valueRequired":true,"valueName":"search_term_string"}}],"inLanguage":"es"},{"@type":"Organization","@id":"https:\/\/360scooters.com\/es\/#organization","name":"360Scooters - Patinetes el\u00e9ctricos en Pen\u00ednsula y Baleares - Patinetes Madrid - Patinetes Alicante - Patinetes Barcelona","url":"https:\/\/360scooters.com\/es\/","logo":{"@type":"ImageObject","inLanguage":"es","@id":"https:\/\/360scooters.com\/es\/#\/schema\/logo\/image\/","url":"https:\/\/360scooters.com\/es\/wp-content\/uploads\/sites\/2\/2024\/02\/logo-claimweb-e1727166047230.png","contentUrl":"https:\/\/360scooters.com\/es\/wp-content\/uploads\/sites\/2\/2024\/02\/logo-claimweb-e1727166047230.png","width":214,"height":54,"caption":"360Scooters - Patinetes el\u00e9ctricos en Pen\u00ednsula y Baleares - Patinetes Madrid - Patinetes Alicante - Patinetes Barcelona"},"image":{"@id":"https:\/\/360scooters.com\/es\/#\/schema\/logo\/image\/"}},{"@type":"Person","@id":"https:\/\/360scooters.com\/es\/#\/schema\/person\/b44a5846a87f4ea566daad7244fdc1c9","name":"admin","image":{"@type":"ImageObject","inLanguage":"es","@id":"https:\/\/secure.gravatar.com\/avatar\/e4ebe6447f306c7f3fc4441b89e970e1a471d58574d124d24bd770221095f68b?s=96&d=mm&r=g","url":"https:\/\/secure.gravatar.com\/avatar\/e4ebe6447f306c7f3fc4441b89e970e1a471d58574d124d24bd770221095f68b?s=96&d=mm&r=g","contentUrl":"https:\/\/secure.gravatar.com\/avatar\/e4ebe6447f306c7f3fc4441b89e970e1a471d58574d124d24bd770221095f68b?s=96&d=mm&r=g","caption":"admin"},"sameAs":["https:\/\/360scooters.com"],"url":"https:\/\/360scooters.com\/es\/author\/360scooters\/"}]}},"_links":{"self":[{"href":"https:\/\/360scooters.com\/es\/wp-json\/wp\/v2\/posts\/17588","targetHints":{"allow":["GET"]}}],"collection":[{"href":"https:\/\/360scooters.com\/es\/wp-json\/wp\/v2\/posts"}],"about":[{"href":"https:\/\/360scooters.com\/es\/wp-json\/wp\/v2\/types\/post"}],"author":[{"embeddable":true,"href":"https:\/\/360scooters.com\/es\/wp-json\/wp\/v2\/users\/1"}],"replies":[{"embeddable":true,"href":"https:\/\/360scooters.com\/es\/wp-json\/wp\/v2\/comments?post=17588"}],"version-history":[{"count":1,"href":"https:\/\/360scooters.com\/es\/wp-json\/wp\/v2\/posts\/17588\/revisions"}],"predecessor-version":[{"id":17590,"href":"https:\/\/360scooters.com\/es\/wp-json\/wp\/v2\/posts\/17588\/revisions\/17590"}],"wp:featuredmedia":[{"embeddable":true,"href":"https:\/\/360scooters.com\/es\/wp-json\/wp\/v2\/media\/17589"}],"wp:attachment":[{"href":"https:\/\/360scooters.com\/es\/wp-json\/wp\/v2\/media?parent=17588"}],"wp:term":[{"taxonomy":"category","embeddable":true,"href":"https:\/\/360scooters.com\/es\/wp-json\/wp\/v2\/categories?post=17588"},{"taxonomy":"post_tag","embeddable":true,"href":"https:\/\/360scooters.com\/es\/wp-json\/wp\/v2\/tags?post=17588"}],"curies":[{"name":"wp","href":"https:\/\/api.w.org\/{rel}","templated":true}]}}